{"id":138,"date":"2013-02-20T09:39:17","date_gmt":"2013-02-20T08:39:17","guid":{"rendered":"http:\/\/olivier-francomme.fr\/?p=138"},"modified":"2022-11-04T22:38:48","modified_gmt":"2022-11-04T21:38:48","slug":"dun-village-de-loise-aux-communautes-indigenes-et-noires-de-colombie-approche-chorematique-des-phenomenes-educatifs","status":"publish","type":"post","link":"http:\/\/olivier-francomme.fr\/?p=138","title":{"rendered":"D\u2019un village de l\u2019Oise aux communaut\u00e9s indig\u00e8nes et noires de Colombie : approche chor\u00e9matique des ph\u00e9nom\u00e8nes \u00e9ducatifs"},"content":{"rendered":"<p><strong>A1<\/strong>-Francomme Olivier, (2004), D\u2019un village de l\u2019Oise aux communaut\u00e9s indig\u00e8nes et noires de Colombie\u00a0: approche chor\u00e9matique des ph\u00e9nom\u00e8nes \u00e9ducatifs<em>, Territoires et Soci\u00e9t\u00e9s<\/em>, M\u00e9langes (ouvrage d\u00e9di\u00e9 \u00e0 Paul Oudart), Universit\u00e9 Jules Verne, p 223-229.<\/p>\n<p>&nbsp;<\/p>\n","protected":false},"excerpt":{"rendered":"<p>A1-Francomme Olivier, (2004), D\u2019un village de l\u2019Oise aux communaut\u00e9s indig\u00e8nes et noires de Colombie\u00a0: approche chor\u00e9matique des ph\u00e9nom\u00e8nes \u00e9ducatifs, Territoires et Soci\u00e9t\u00e9s, M\u00e9langes (ouvrage d\u00e9di\u00e9 \u00e0 Paul Oudart), Universit\u00e9 Jules Verne, p 223-229. &nbsp;<\/p>\n","protected":false},"author":1,"featured_media":0,"comment_status":"closed","ping_status":"open","sticky":false,"template":"","format":"standard","meta":[],"categories":[5],"tags":[],"_links":{"self":[{"href":"http:\/\/olivier-francomme.fr\/index.php?rest_route=\/wp\/v2\/posts\/138"}],"collection":[{"href":"http:\/\/olivier-francomme.fr\/index.php?rest_route=\/wp\/v2\/posts"}],"about":[{"href":"http:\/\/olivier-francomme.fr\/index.php?rest_route=\/wp\/v2\/types\/post"}],"author":[{"embeddable":true,"href":"http:\/\/olivier-francomme.fr\/index.php?rest_route=\/wp\/v2\/users\/1"}],"replies":[{"embeddable":true,"href":"http:\/\/olivier-francomme.fr\/index.php?rest_route=%2Fwp%2Fv2%2Fcomments&post=138"}],"version-history":[{"count":2,"href":"http:\/\/olivier-francomme.fr\/index.php?rest_route=\/wp\/v2\/posts\/138\/revisions"}],"predecessor-version":[{"id":140,"href":"http:\/\/olivier-francomme.fr\/index.php?rest_route=\/wp\/v2\/posts\/138\/revisions\/140"}],"wp:attachment":[{"href":"http:\/\/olivier-francomme.fr\/index.php?rest_route=%2Fwp%2Fv2%2Fmedia&parent=138"}],"wp:term":[{"taxonomy":"category","embeddable":true,"href":"http:\/\/olivier-francomme.fr\/index.php?rest_route=%2Fwp%2Fv2%2Fcategories&post=138"},{"taxonomy":"post_tag","embeddable":true,"href":"http:\/\/olivier-francomme.fr\/index.php?rest_route=%2Fwp%2Fv2%2Ftags&post=138"}],"curies":[{"name":"wp","href":"https:\/\/api.w.org\/{rel}","templated":true}]}}